{"id":11110,"date":"2021-01-16T20:45:41","date_gmt":"2021-01-16T19:45:41","guid":{"rendered":"https:\/\/www.cirkuseros.nu\/?p=11110"},"modified":"2021-01-16T21:49:41","modified_gmt":"2021-01-16T20:49:41","slug":"andringar-i-kursschemat-2021","status":"publish","type":"post","link":"https:\/\/www.cirkuseros.nu\/index.php\/2021\/01\/16\/andringar-i-kursschemat-2021\/","title":{"rendered":"\u00c4ndringar i kursschemat 2021!"},"content":{"rendered":"<p><img decoding=\"async\" loading=\"lazy\" src=\"https:\/\/i2.wp.com\/www.cirkuseros.nu\/app\/uploads\/2021\/01\/colors_in_space.jpg?resize=584%2C266&#038;ssl=1\" alt=\"\" data-recalc-dims=\"1\" \/><br \/>\n<strong><span style=\"font-family: AGaramond, Garamond, Jenson, serif; font-size: x-large;\"><span style=\"color: #800000;\">Nya datum f\u00f6r kurser 2021 \u2013 \u00e4ndringar igen!<br \/>\n<\/span><\/span><\/strong><\/p>\n<p><strong>Vi st\u00e4llde in alla kurser fr\u00e5n mars till september 2020, <\/strong>men i september, november och december h\u00f6ll vi tv\u00e5 <a href=\"https:\/\/gudomlignjutning.wordpress.com\/\"><strong>Gudomlig Njutning <\/strong><\/a> och en <strong><a href=\"https:\/\/gudomligextas.wordpress.com\/\" target=\"_blank\" rel=\"noopener noreferrer\">Gudomlig Extas<\/a><\/strong>, vilket blev mycket lyckat. Men sen slog pandemin till med en ny v\u00e5g.<\/p>\n<p><strong>D\u00e4rf\u00f6r tvingades vi st\u00e4lla in kurserna<\/strong> i januari och februari 2021, vilket var lite extra tr\u00e5kigt eftersom de var fullbokade. Dock hoppas vi att det ska bli m\u00f6jligt att h\u00e5lla kurser senare i v\u00e5r, om vaccinationerna kommer ig\u00e5ng, och pandemin bryts. D\u00e4rf\u00f6r har vi kvar bokningarna f\u00f6r Gudomlig Njutning i mars (som nu \u00e4r fullbokad) och maj (d\u00e4r det finns platser kvar). D\u00e4rtill har vi just bokat en helg i april f\u00f6r v\u00e5r forts\u00e4ttningskurs Gudomlig Extas.<\/p>\n<p><strong>2020 har varit omtumlande<\/strong> och v\u00e4ldigt annorlunda f\u00f6r de allra flesta av oss, f\u00f6r att inte s\u00e4ga alla. Vi vet inte heller vart\u00e5t pandemier och annat tar oss under detta \u00e5r 2021, men vi vet att vi beh\u00f6ver varandra. Isolering \u00e4r inte bra p\u00e5 l\u00e5ng sikt. Vi beh\u00f6ver samvaro, k\u00e4rlek, n\u00e4rhet.<\/p>\n<p><strong>V\u00e5r vision \u00e4r som alltid MER K\u00c4RLEK<\/strong>, mer innerlighet, b\u00e4ttre sex och en h\u00f6gre livskvalitet. Och frihet. N\u00e5got som pandemin har bidragit till \u00e4r v\u00e4ldigt mycket mer isolering, begr\u00e4nsningar, regleringar, f\u00f6rbud och inst\u00e4ngning \u2013 vi vill uppmuntra till frihet p\u00e5 de omr\u00e5den som det \u00e4r m\u00f6jligt under r\u00e5dande omst\u00e4ndigheter.<\/p>\n<p><img decoding=\"async\" loading=\"lazy\" src=\"https:\/\/i0.wp.com\/www.cirkuseros.nu\/app\/uploads\/2021\/01\/colors_triad.jpg?resize=584%2C389&#038;ssl=1\" alt=\"\" data-recalc-dims=\"1\" \/><\/p>\n<p><strong>Med orsak av pandemin planerar vi bara parkurser<\/strong> i dagsl\u00e4get, eftersom de \u00e4r de kurser vi kan h\u00e5lla i vilket deltagarna h\u00e5ller sig till sin partner. Vi vill ta s\u00e5 sm\u00e5 risker som m\u00f6jligt.<strong><br \/>\nDe kurser vi fokuserar p\u00e5 nu<\/strong> \u00e4r d\u00e4rf\u00f6r parkurserna <a href=\"https:\/\/gudomlignjutning.wordpress.com\/\" target=\"_blank\" rel=\"noopener noreferrer\"><strong>Gudomlig Njutning<\/strong><\/a> (grundkurs f\u00f6r par) och forts\u00e4ttningskursen <a href=\"https:\/\/gudomligextas.wordpress.com\/\" target=\"_blank\" rel=\"noopener noreferrer\"><strong>Gudomlig Extas<\/strong><\/a>. Senare i v\u00e5r blir det ocks\u00e5 \u00e5terkomst f\u00f6r v\u00e5r h\u00e4rliga <a href=\"https:\/\/karleksretreat.wordpress.com\/\" target=\"_blank\" rel=\"noopener noreferrer\"><strong>K\u00e4rleksretreat<\/strong><\/a>.<br \/>\n<strong>Vi hoppas ocks\u00e5<\/strong> att det ska bli m\u00f6jligt att h\u00e5lla v\u00e5r paradisiska tantrakurs i Cevennes, Languedoc, s\u00f6dra Frankrike \u2013 <a href=\"https:\/\/friattalska.wordpress.com\/\"><strong>Fri att \u00c4lska<\/strong><\/a>. Vi har prelimin\u00e4rbokat kursg\u00e5rden.<\/p>\n<p><strong>Vi hoppas att vi f\u00e5r tr\u00e4ffa dig \u2013 kanske redan i vinter eller v\u00e5r!<\/strong><\/p>\n<p><img decoding=\"async\" loading=\"lazy\" src=\"https:\/\/i1.wp.com\/www.cirkuseros.nu\/app\/uploads\/2021\/01\/colors_vinjett.jpg?resize=584%2C183&#038;ssl=1\" alt=\"\" data-recalc-dims=\"1\" \/><br \/>\n<strong><span style=\"font-family: AGaramond, Garamond, Jenson, serif; font-size: x-large;\"><span style=\"color: #990000;\">Kurser vinter\/v\u00e5r\/sommar 2021:<br \/>\n<img decoding=\"async\" loading=\"lazy\" src=\"https:\/\/i1.wp.com\/www.cirkuseros.nu\/app\/uploads\/2016\/11\/tunnlinjeoriginal_584.gif?resize=584%2C8&#038;ssl=1\" alt=\"\" data-recalc-dims=\"1\" \/><br \/>\n<\/span><\/span><\/strong><span style=\"color: #990000;\"><strong><span style=\"font-family: Verdana, Geneva, Arial, Helvetica, Sans serif; font-size: medium;\"><a href=\"https:\/\/gudomlignjutning.wordpress.com\/\" target=\"_blank\" rel=\"noopener noreferrer\">Gudomlig Njutning<\/a><br \/>\n<\/span><\/strong><\/span><em><span style=\"color: #990000;\"><span style=\"font-family: Verdana, Geneva, Arial, Helvetica, Sans serif; font-size: small;\">Stockholm<\/span><\/span><span style=\"color: #990000;\"><strong><span style=\"font-family: Verdana, Geneva, Arial, Helvetica, Sans serif; font-size: small;\"><br \/>\n26 &#8211; 28 mars 2021<\/span><\/strong><\/span><br \/>\n(fullbokat)<\/em><span style=\"color: #990000;\"><strong><span style=\"font-family: Verdana, Geneva, Arial, Helvetica, Sans serif; font-size: medium;\"><a href=\"https:\/\/gudomligextas.wordpress.com\/\" target=\"_blank\" rel=\"noopener noreferrer\"><span style=\"font-family: AGaramond, Garamond, Jenson, serif; font-size: x-large;\"><img decoding=\"async\" loading=\"lazy\" src=\"https:\/\/i1.wp.com\/www.cirkuseros.nu\/app\/uploads\/2016\/11\/tunnlinjeoriginal_584.gif?resize=584%2C8&#038;ssl=1\" alt=\"\" data-recalc-dims=\"1\" \/><\/span>Gudomlig Extas<\/a><br \/>\n<\/span><\/strong><em><span style=\"font-family: Verdana, Geneva, Arial, Helvetica, Sans serif; font-size: medium;\"><span style=\"font-family: Verdana, Geneva, Arial, Helvetica, Sans serif; font-size: small;\">Stockholm<\/span><\/span><strong><span style=\"font-family: Verdana, Geneva, Arial, Helvetica, Sans serif; font-size: medium;\"><span style=\"font-family: Verdana, Geneva, Arial, Helvetica, Sans serif; font-size: small;\"><br \/>\n<\/span>16 &#8211; 18 april 2021<\/span><\/strong><\/em><\/span><br \/>\n<em>(platser kvar)<\/em><span style=\"color: #990000;\"><strong><span style=\"font-family: Verdana, Geneva, Arial, Helvetica, Sans serif; font-size: medium;\"><a href=\"https:\/\/gudomlignjutning.wordpress.com\/\" target=\"_blank\" rel=\"noopener noreferrer\"><span style=\"font-family: AGaramond, Garamond, Jenson, serif; font-size: x-large;\"><img decoding=\"async\" loading=\"lazy\" src=\"https:\/\/i1.wp.com\/www.cirkuseros.nu\/app\/uploads\/2016\/11\/tunnlinjeoriginal_584.gif?resize=584%2C8&#038;ssl=1\" alt=\"\" data-recalc-dims=\"1\" \/><\/span>Gudomlig Njutning<\/a><br \/>\n<\/span><\/strong><em><span style=\"font-family: Verdana, Geneva, Arial, Helvetica, Sans serif; font-size: medium;\"><span style=\"font-family: Verdana, Geneva, Arial, Helvetica, Sans serif; font-size: small;\">Stockholm<\/span><\/span><strong><span style=\"font-family: Verdana, Geneva, Arial, Helvetica, Sans serif; font-size: medium;\"><span style=\"font-family: Verdana, Geneva, Arial, Helvetica, Sans serif; font-size: small;\"><br \/>\n<\/span>7 &#8211; 9 maj 2021<\/span><\/strong><\/em><\/span><br \/>\n<em>(platser kvar)<\/em><span style=\"color: #990000;\"><strong><span style=\"font-family: Verdana, Geneva, Arial, Helvetica, Sans serif; font-size: medium;\"><a href=\"https:\/\/karleksretreat.wordpress.com\/\" target=\"_blank\" rel=\"noopener noreferrer\"><span style=\"font-family: AGaramond, Garamond, Jenson, serif; font-size: x-large;\"><img decoding=\"async\" loading=\"lazy\" src=\"https:\/\/i1.wp.com\/www.cirkuseros.nu\/app\/uploads\/2016\/11\/tunnlinjeoriginal_584.gif?resize=584%2C8&#038;ssl=1\" alt=\"\" data-recalc-dims=\"1\" \/><\/span>K\u00e4rleksretreat<\/a><br \/>\n<\/span><\/strong><em><span style=\"font-family: Verdana, Geneva, Arial, Helvetica, Sans serif; font-size: medium;\"><span style=\"font-family: Verdana, Geneva, Arial, Helvetica, Sans serif; font-size: small;\">Skeppsuddens kursg\u00e5rd, Vikbolandet<\/span><\/span><strong><span style=\"font-family: Verdana, Geneva, Arial, Helvetica, Sans serif; font-size: medium;\"><span style=\"font-family: Verdana, Geneva, Arial, Helvetica, Sans serif; font-size: small;\"><br \/>\n<\/span>3 &#8211; 6 juni 2021<\/span><\/strong><\/em><\/span><br \/>\n<em> (platser kvar)<\/em><span style=\"color: #990000;\"><strong><span style=\"font-family: Verdana, Geneva, Arial, Helvetica, Sans serif; font-size: medium;\"><a href=\"https:\/\/friattalska.wordpress.com\/\" target=\"_blank\" rel=\"noopener noreferrer\"><span style=\"font-family: AGaramond, Garamond, Jenson, serif; font-size: x-large;\"><img decoding=\"async\" loading=\"lazy\" src=\"https:\/\/i1.wp.com\/www.cirkuseros.nu\/app\/uploads\/2016\/11\/tunnlinjeoriginal_584.gif?resize=584%2C8&#038;ssl=1\" alt=\"\" data-recalc-dims=\"1\" \/><\/span>Fri att \u00c4lska<\/a><br \/>\n<\/span><\/strong><em><span style=\"font-family: Verdana, Geneva, Arial, Helvetica, Sans serif; font-size: medium;\"><span style=\"font-family: Verdana, Geneva, Arial, Helvetica, Sans serif; font-size: small;\">Gardoussel Retreat, Languedoc, Cevennes, Frankrike<\/span><\/span><strong><span style=\"font-family: Verdana, Geneva, Arial, Helvetica, Sans serif; font-size: medium;\"><span style=\"font-family: Verdana, Geneva, Arial, Helvetica, Sans serif; font-size: small;\"><br \/>\n<\/span><\/span><\/strong><\/em><strong><span style=\"font-family: Verdana, Geneva, Arial, Helvetica, Sans serif; font-size: medium;\"><em>19 &#8211; 23 juli 2021<\/em><\/span><\/strong><\/span><em><br \/>\n(platser kvar)<\/em><\/p>\n<p><img decoding=\"async\" loading=\"lazy\" src=\"https:\/\/i2.wp.com\/www.cirkuseros.nu\/app\/uploads\/2021\/01\/colors_ecstacy.jpg?resize=584%2C420&#038;ssl=1\" alt=\"\" data-recalc-dims=\"1\" \/><br \/>\n<img decoding=\"async\" loading=\"lazy\" src=\"https:\/\/i2.wp.com\/www.cirkuseros.nu\/app\/uploads\/2016\/12\/sidtoppvinjettlinje.jpg?resize=584%2C27&#038;ssl=1\" alt=\"Penseldrag\" data-recalc-dims=\"1\" \/><\/p>\n","protected":false},"excerpt":{"rendered":"<p>Nya datum f\u00f6r kurser 2021 \u2013 \u00e4ndringar igen! Vi st\u00e4llde in alla kurser fr\u00e5n mars till september 2020, men i september, november och december h\u00f6ll vi tv\u00e5 Gudomlig Njutning och en Gudomlig Extas, vilket blev mycket lyckat. Men sen slog &hellip; <a href=\"https:\/\/www.cirkuseros.nu\/index.php\/2021\/01\/16\/andringar-i-kursschemat-2021\/\">Forts\u00e4tt l\u00e4sa <span class=\"meta-nav\">&rarr;<\/span><\/a><\/p>\n","protected":false},"author":1,"featured_media":0,"comment_status":"open","ping_status":"open","sticky":false,"template":"","format":"standard","meta":[],"categories":[12],"tags":[],"jetpack-related-posts":[],"_links":{"self":[{"href":"https:\/\/www.cirkuseros.nu\/index.php\/wp-json\/wp\/v2\/posts\/11110"}],"collection":[{"href":"https:\/\/www.cirkuseros.nu\/index.php\/wp-json\/wp\/v2\/posts"}],"about":[{"href":"https:\/\/www.cirkuseros.nu\/index.php\/wp-json\/wp\/v2\/types\/post"}],"author":[{"embeddable":true,"href":"https:\/\/www.cirkuseros.nu\/index.php\/wp-json\/wp\/v2\/users\/1"}],"replies":[{"embeddable":true,"href":"https:\/\/www.cirkuseros.nu\/index.php\/wp-json\/wp\/v2\/comments?post=11110"}],"version-history":[{"count":8,"href":"https:\/\/www.cirkuseros.nu\/index.php\/wp-json\/wp\/v2\/posts\/11110\/revisions"}],"predecessor-version":[{"id":11122,"href":"https:\/\/www.cirkuseros.nu\/index.php\/wp-json\/wp\/v2\/posts\/11110\/revisions\/11122"}],"wp:attachment":[{"href":"https:\/\/www.cirkuseros.nu\/index.php\/wp-json\/wp\/v2\/media?parent=11110"}],"wp:term":[{"taxonomy":"category","embeddable":true,"href":"https:\/\/www.cirkuseros.nu\/index.php\/wp-json\/wp\/v2\/categories?post=11110"},{"taxonomy":"post_tag","embeddable":true,"href":"https:\/\/www.cirkuseros.nu\/index.php\/wp-json\/wp\/v2\/tags?post=11110"}],"curies":[{"name":"wp","href":"https:\/\/api.w.org\/{rel}","templated":true}]}}