{"id":9689,"date":"2018-08-15T20:59:57","date_gmt":"2018-08-15T18:59:57","guid":{"rendered":"https:\/\/www.cirkuseros.nu\/?p=9689"},"modified":"2018-12-26T15:04:34","modified_gmt":"2018-12-26T14:04:34","slug":"tva-nya-bildgallerier-framling-pa-spar-och-bergtagen","status":"publish","type":"post","link":"https:\/\/www.cirkuseros.nu\/index.php\/2018\/08\/15\/tva-nya-bildgallerier-framling-pa-spar-och-bergtagen\/","title":{"rendered":"Tv\u00e5 nya bildgallerier!"},"content":{"rendered":"<p><strong>Under Sexsibilityfestivalen<\/strong> p\u00e5 \u00c4ngsbacka Kursg\u00e5rd, sommaren 2018, fick jag tillf\u00e4lle att ta tv\u00e5 sp\u00e4nnande bildserier, med samma modell \u2013 Saara, en h\u00e4rligt exhibitionistisk, lekfull och kreativ kvinna med egna id\u00e9er \u2013 b\u00e4sta sortens modeller.<br \/>\n<img decoding=\"async\" loading=\"lazy\" src=\"https:\/\/i1.wp.com\/www.cirkuseros.nu\/app\/uploads\/2016\/10\/nyhet_framling_pa_spar.jpg?resize=584%2C141&#038;ssl=1\" alt=\"Fr\u00e4mling p\u00e5 sp\u00e5r\" data-recalc-dims=\"1\" \/><strong>Fr\u00e4mling p\u00e5 sp\u00e5r<br \/>\n<\/strong>Ett fr\u00e4mmande v\u00e4sen, p\u00e5 v\u00e4g n\u00e5gonstans, men till var?\u00a0Utforskande sig sj\u00e4lv och omv\u00e4rlden, en udda varelse i en fr\u00e4mmande milj\u00f6. Eller?<br \/>\n<span style=\"font-family: 'Helvetica Neue', Helvetica, Arial, 'Nimbus Sans L', sans-serif; font-size: 15px;\"><a href=\"https:\/\/www.cirkuseros.nu\/index.php\/bild\/egna-bilder\/galleri-framling-pa-spar\/\"><strong>Se galleriet: Fr\u00e4mling p\u00e5 sp\u00e5r\u00a0\u00bb<br \/>\n<\/strong><\/a><br \/>\n<img decoding=\"async\" loading=\"lazy\" src=\"https:\/\/i0.wp.com\/www.cirkuseros.nu\/app\/uploads\/2016\/10\/nyhet_bergtagen.jpg?resize=584%2C141&#038;ssl=1\" alt=\"Bergtagen\" data-recalc-dims=\"1\" \/><br \/>\n<strong>Bergtagen<br \/>\n<\/strong>En gammal metafor\u00a0f\u00f6r att vara f\u00f6rtrollad, trollbunden, f\u00f6rh\u00e4xad, ibland inlockad i ett berg av \u00f6vernaturliga v\u00e4sen. Saara blir h\u00e4r \u201dtrollbunden\u201d p\u00e5 en klippa av min v\u00e4n\u00a0<a href=\"https:\/\/andyburu.se\" target=\"_blank\" rel=\"noopener noreferrer\"><strong>Andy Buru<\/strong><\/a>\u00a0\u2013 som v\u00e4l inte \u00e4r \u00f6vernaturlig, inte heller ett troll \u2013 men v\u00e4l en fantastisk konstn\u00e4r p\u00e5 omr\u00e5det kinbaku; japansk repkonst.<br \/>\n<a href=\"https:\/\/www.cirkuseros.nu\/index.php\/bild\/egna-bilder\/galleri-bergtagen\/\"><strong>Se galleriet: Bergtagen\u00a0\u00bb<\/strong><\/a><br \/>\n<img decoding=\"async\" loading=\"lazy\" src=\"https:\/\/i1.wp.com\/www.cirkuseros.nu\/app\/uploads\/2016\/11\/tunnlinjeoriginal_584.gif?resize=584%2C8&#038;ssl=1\" alt=\"linje\" data-recalc-dims=\"1\" \/><\/span><\/p>\n","protected":false},"excerpt":{"rendered":"<p>Under Sexsibilityfestivalen p\u00e5 \u00c4ngsbacka Kursg\u00e5rd, sommaren 2018, fick jag tillf\u00e4lle att ta tv\u00e5 sp\u00e4nnande bildserier, med samma modell \u2013 Saara, en h\u00e4rligt exhibitionistisk, lekfull och kreativ kvinna med egna id\u00e9er \u2013 b\u00e4sta sortens modeller. Fr\u00e4mling p\u00e5 sp\u00e5r Ett fr\u00e4mmande v\u00e4sen, &hellip; <a href=\"https:\/\/www.cirkuseros.nu\/index.php\/2018\/08\/15\/tva-nya-bildgallerier-framling-pa-spar-och-bergtagen\/\">Forts\u00e4tt l\u00e4sa <span class=\"meta-nav\">&rarr;<\/span><\/a><\/p>\n","protected":false},"author":1,"featured_media":0,"comment_status":"open","ping_status":"open","sticky":false,"template":"","format":"standard","meta":[],"categories":[3,37],"tags":[46,47,49,48,50],"jetpack-related-posts":[],"_links":{"self":[{"href":"https:\/\/www.cirkuseros.nu\/index.php\/wp-json\/wp\/v2\/posts\/9689"}],"collection":[{"href":"https:\/\/www.cirkuseros.nu\/index.php\/wp-json\/wp\/v2\/posts"}],"about":[{"href":"https:\/\/www.cirkuseros.nu\/index.php\/wp-json\/wp\/v2\/types\/post"}],"author":[{"embeddable":true,"href":"https:\/\/www.cirkuseros.nu\/index.php\/wp-json\/wp\/v2\/users\/1"}],"replies":[{"embeddable":true,"href":"https:\/\/www.cirkuseros.nu\/index.php\/wp-json\/wp\/v2\/comments?post=9689"}],"version-history":[{"count":5,"href":"https:\/\/www.cirkuseros.nu\/index.php\/wp-json\/wp\/v2\/posts\/9689\/revisions"}],"predecessor-version":[{"id":9776,"href":"https:\/\/www.cirkuseros.nu\/index.php\/wp-json\/wp\/v2\/posts\/9689\/revisions\/9776"}],"wp:attachment":[{"href":"https:\/\/www.cirkuseros.nu\/index.php\/wp-json\/wp\/v2\/media?parent=9689"}],"wp:term":[{"taxonomy":"category","embeddable":true,"href":"https:\/\/www.cirkuseros.nu\/index.php\/wp-json\/wp\/v2\/categories?post=9689"},{"taxonomy":"post_tag","embeddable":true,"href":"https:\/\/www.cirkuseros.nu\/index.php\/wp-json\/wp\/v2\/tags?post=9689"}],"curies":[{"name":"wp","href":"https:\/\/api.w.org\/{rel}","templated":true}]}}