{"id":9697,"date":"2018-12-01T23:20:43","date_gmt":"2018-12-01T22:20:43","guid":{"rendered":"https:\/\/www.cirkuseros.nu\/?p=9697"},"modified":"2019-11-11T14:55:46","modified_gmt":"2019-11-11T13:55:46","slug":"en-fruktansvart-viktig-dokumentar","status":"publish","type":"post","link":"https:\/\/www.cirkuseros.nu\/index.php\/2018\/12\/01\/en-fruktansvart-viktig-dokumentar\/","title":{"rendered":"En fruktansv\u00e4rt\u00a0viktig dokument\u00e4r"},"content":{"rendered":"<p><img decoding=\"async\" loading=\"lazy\" src=\"https:\/\/i2.wp.com\/www.cirkuseros.nu\/app\/uploads\/2018\/12\/i_sverige_finns_inga_horor_1.jpg?resize=584%2C275&#038;ssl=1\" alt=\"I Sverige finns inga horor\" data-recalc-dims=\"1\" \/><\/p>\n<p><strong>Sommaren 2013 blev Eva-Marree Kullander Smith m\u00f6rdad<\/strong> av sin ex, tillika far till hennes tv\u00e5 barn, i samband med ett m\u00f6te p\u00e5 ett socialkontor. Hon f\u00f6rlorade v\u00e5rdnaden om sina barn p\u00e5 den enda grunden att hon vid ett f\u00e5tal tillf\u00e4llen hade s\u00e5lt sexuella tj\u00e4nster. D\u00e5 \u00e4r man paria och v\u00e4rdel\u00f6s, i svensk socialtj\u00e4nst \u00f6gon. Att hon blev m\u00f6rdad \u00e4r de facto socialtj\u00e4nstens fel.<\/p>\n<p><img decoding=\"async\" loading=\"lazy\" src=\"https:\/\/i2.wp.com\/www.cirkuseros.nu\/app\/uploads\/2018\/12\/i_sverige_finns_inga_horor_5.jpg?resize=584%2C241&#038;ssl=1\" alt=\"I Sverige finns inga horor\" data-recalc-dims=\"1\" \/><\/p>\n<p><strong>Den franska dokument\u00e4rfilmaren Ovidie Raziel<\/strong> best\u00e4mde sig f\u00f6r att g\u00f6ra en ing\u00e5ende dokument\u00e4r om detta fall, och fick hj\u00e4lp med produktionen av fransk-tyska TV-kanalen ARTE. I\u00a0fokus var Eva-Marrees mor Zenitha. Eftersom jag har haft kontinuerlig kontakt med s\u00e5v\u00e4l Zenitha som andra medlemmar i Rose Alliance, och har f\u00f6ljt detta fall, blev jag tillfr\u00e5gad om jag ville medverka i en intervju i filmen. Eftersom jag tycker att detta \u00e4r ett hemskt \u00f6vergrepp av sociala myndigheter, ville jag g\u00e4rna det \u2013 detta oskick m\u00e5ste uppm\u00e4rksammas.<\/p>\n<p><img decoding=\"async\" loading=\"lazy\" src=\"https:\/\/i0.wp.com\/www.cirkuseros.nu\/app\/uploads\/2018\/12\/i_sverige_finns_inga_horor_2.jpg?resize=584%2C267&#038;ssl=1\" alt=\"I Sverige finns inga horor\" data-recalc-dims=\"1\" \/><\/p>\n<p><strong>N\u00e4r filmen skulle lanseras i Sverige<\/strong> ville den etiska n\u00e4mnden p\u00e5 SVT att den inte skulle visas (!), s\u00e5 d\u00e5 tog min v\u00e4n Nicolas Debot, tillika filmdistribut\u00f6r och producent, saken i egna h\u00e4nder, och k\u00f6pte visningsr\u00e4ttigheterna f\u00f6r den svenska marknaden. S\u00e5 i oktober h\u00f6ll Nicolas f\u00f6retag <a href=\"http:\/\/www.njutafilms.com\/\" target=\"_blank\" rel=\"noopener noreferrer\"><strong>Njutafilms<\/strong><\/a> &amp; <a href=\"http:\/\/www.studiosentertainment.se\/\" target=\"_blank\" rel=\"noopener noreferrer\"><strong>Studio S<\/strong><\/a> (Bio) i samarbete med\u00a0Institut Fran\u00e7ais de Su\u00e8de en premi\u00e4rvisning p\u00e5\u00a0Bio &amp; Bistro Capitol Stockholm. Salongen fylldes med engagerade \u00e5sk\u00e5dare, och det var oerh\u00f6rt tyst under hela visningen, utom vid ett par korta \u00f6gonblick.<\/p>\n<p><img decoding=\"async\" loading=\"lazy\" src=\"https:\/\/i1.wp.com\/www.cirkuseros.nu\/app\/uploads\/2018\/12\/i_sverige_finns_inga_horor_4.jpg?resize=584%2C303&#038;ssl=1\" alt=\"I Sverige finns inga horor\" data-recalc-dims=\"1\" \/><\/p>\n<p><strong>Efter filmvisningen kompletterades kv\u00e4llen<\/strong> med ett samtal, i en panel d\u00e4r jag ingick, vid sidan om\u00a0filmens regiss\u00f6r Ovidie, producenten Fabrice Puchault (ARTE France) och aktivisten Pye Jakobsson. Samtalet leddes av Andrea Reuter. I detta samtal diskuterades det enorma stigma som drabbar sexs\u00e4ljare i Sverige, och varf\u00f6r deras r\u00e4ttigheter inte diskuteras i Sverige. Ett exempel p\u00e5 detta \u00e4r att filmen vann\u00a0The Amnesty International Award \u2013 Human Rights 2018 \u2013 men svenska Amnesty n\u00e4mner inte\u00a0filmen n\u00e5gonstans p\u00e5 sin hemsida. Tydligen sk\u00e4ms de.<\/p>\n<p><img decoding=\"async\" loading=\"lazy\" src=\"https:\/\/i2.wp.com\/www.cirkuseros.nu\/app\/uploads\/2018\/12\/i_sverige_finns_inga_horor_3.jpg?resize=584%2C263&#038;ssl=1\" alt=\"I Sverige finns inga horor\" data-recalc-dims=\"1\" \/><\/p>\n<p><strong>Filmen finns att se gratis under en tid, p\u00e5 <a href=\"https:\/\/vimeo.com\/274516699\/b72ea22886\" target=\"_blank\" rel=\"noopener noreferrer\">Vimeo<\/a> och <a href=\"https:\/\/youtu.be\/5_BbvleXfs4\" target=\"_blank\" rel=\"noopener noreferrer\">YouTube<\/a>. Se den!<\/strong><\/p>\n","protected":false},"excerpt":{"rendered":"<p>Sommaren 2013 blev Eva-Marree Kullander Smith m\u00f6rdad av sin ex, tillika far till hennes tv\u00e5 barn, i samband med ett m\u00f6te p\u00e5 ett socialkontor. Hon f\u00f6rlorade v\u00e5rdnaden om sina barn p\u00e5 den enda grunden att hon vid ett f\u00e5tal tillf\u00e4llen &hellip; <a href=\"https:\/\/www.cirkuseros.nu\/index.php\/2018\/12\/01\/en-fruktansvart-viktig-dokumentar\/\">Forts\u00e4tt l\u00e4sa <span class=\"meta-nav\">&rarr;<\/span><\/a><\/p>\n","protected":false},"author":1,"featured_media":0,"comment_status":"closed","ping_status":"closed","sticky":false,"template":"","format":"standard","meta":[],"categories":[36,6],"tags":[],"jetpack-related-posts":[],"_links":{"self":[{"href":"https:\/\/www.cirkuseros.nu\/index.php\/wp-json\/wp\/v2\/posts\/9697"}],"collection":[{"href":"https:\/\/www.cirkuseros.nu\/index.php\/wp-json\/wp\/v2\/posts"}],"about":[{"href":"https:\/\/www.cirkuseros.nu\/index.php\/wp-json\/wp\/v2\/types\/post"}],"author":[{"embeddable":true,"href":"https:\/\/www.cirkuseros.nu\/index.php\/wp-json\/wp\/v2\/users\/1"}],"replies":[{"embeddable":true,"href":"https:\/\/www.cirkuseros.nu\/index.php\/wp-json\/wp\/v2\/comments?post=9697"}],"version-history":[{"count":5,"href":"https:\/\/www.cirkuseros.nu\/index.php\/wp-json\/wp\/v2\/posts\/9697\/revisions"}],"predecessor-version":[{"id":9707,"href":"https:\/\/www.cirkuseros.nu\/index.php\/wp-json\/wp\/v2\/posts\/9697\/revisions\/9707"}],"wp:attachment":[{"href":"https:\/\/www.cirkuseros.nu\/index.php\/wp-json\/wp\/v2\/media?parent=9697"}],"wp:term":[{"taxonomy":"category","embeddable":true,"href":"https:\/\/www.cirkuseros.nu\/index.php\/wp-json\/wp\/v2\/categories?post=9697"},{"taxonomy":"post_tag","embeddable":true,"href":"https:\/\/www.cirkuseros.nu\/index.php\/wp-json\/wp\/v2\/tags?post=9697"}],"curies":[{"name":"wp","href":"https:\/\/api.w.org\/{rel}","templated":true}]}}